{"id":1121,"date":"2023-07-19T16:39:47","date_gmt":"2023-07-19T14:39:47","guid":{"rendered":"https:\/\/residuos.info\/2023\/04\/19\/how-much-does-recycling-pollute\/"},"modified":"2023-10-25T12:35:18","modified_gmt":"2023-10-25T10:35:18","slug":"how-much-does-recycling-pollute","status":"publish","type":"post","link":"https:\/\/www.residuos.info\/en\/2023\/07\/19\/how-much-does-recycling-pollute\/","title":{"rendered":"How much does recycling pollute?"},"content":{"rendered":"<p>[et_pb_section fb_built=&#8221;1&#8243; custom_padding_last_edited=&#8221;on|tablet&#8221; admin_label=&#8221;Header&#8221; _builder_version=&#8221;4.20.4&#8243; background_color=&#8221;#eaeaf1&#8243; use_background_color_gradient=&#8221;on&#8221; background_color_gradient_direction=&#8221;-67deg&#8221; background_color_gradient_stops=&#8221;#eaeaf1 18%|#ffffff 18%&#8221; background_color_gradient_start=&#8221;#eaeaf1&#8243; background_color_gradient_start_position=&#8221;18%&#8221; background_color_gradient_end=&#8221;#ffffff&#8221; background_color_gradient_end_position=&#8221;0%&#8221; background_position=&#8221;top_left&#8221; custom_padding=&#8221;0|0px|0px|0px|false|false&#8221; custom_padding_tablet=&#8221;||0px&#8221; custom_padding_phone=&#8221;&#8221; locked=&#8221;off&#8221; global_colors_info=&#8221;{}&#8221;][et_pb_row column_structure=&#8221;2_5,3_5&#8243; _builder_version=&#8221;4.20.4&#8243; width=&#8221;90%&#8221; max_width=&#8221;1800px&#8221; module_alignment=&#8221;right&#8221; min_height=&#8221;795.9px&#8221; custom_padding=&#8221;0px||0px||false|false&#8221; use_custom_width=&#8221;on&#8221; width_unit=&#8221;off&#8221; custom_width_percent=&#8221;90%&#8221; global_colors_info=&#8221;{}&#8221;][et_pb_column type=&#8221;2_5&#8243; _builder_version=&#8221;4.16&#8243; custom_padding=&#8221;|50px||&#8221; global_colors_info=&#8221;{}&#8221; custom_padding__hover=&#8221;|||&#8221;][et_pb_divider color=&#8221;#0251b8&#8243; divider_weight=&#8221;80px&#8221; _builder_version=&#8221;4.16&#8243; transform_skew=&#8221;-22deg|0deg&#8221; transform_skew_linked=&#8221;off&#8221; height=&#8221;80px&#8221; custom_margin=&#8221;||180px|-20vw||&#8221; custom_margin_tablet=&#8221;||30px&#8221; custom_margin_phone=&#8221;&#8221; custom_margin_last_edited=&#8221;on|tablet&#8221; locked=&#8221;off&#8221; global_colors_info=&#8221;{}&#8221;][\/et_pb_divider][et_pb_text _builder_version=&#8221;4.20.4&#8243; text_font_size=&#8221;10px&#8221; header_font=&#8221;Khand|700|on|on|||||&#8221; header_text_align=&#8221;left&#8221; header_font_size=&#8221;5vw&#8221; transform_skew=&#8221;-6deg|0deg&#8221; transform_skew_linked=&#8221;off&#8221; custom_margin=&#8221;||0px|||&#8221; header_font_size_tablet=&#8221;100px&#8221; header_font_size_phone=&#8221;50px&#8221; header_font_size_last_edited=&#8221;on|phone&#8221; global_colors_info=&#8221;{}&#8221;]<\/p>\n<h1>How much does recycling pollute?<\/h1>\n<p>[\/et_pb_text][et_pb_divider color=&#8221;#f71635&#8243; divider_style=&#8221;double&#8221; divider_weight=&#8221;10px&#8221; _builder_version=&#8221;4.16&#8243; transform_skew=&#8221;-20deg|0deg&#8221; max_width=&#8221;100px&#8221; height=&#8221;10px&#8221; locked=&#8221;off&#8221; global_colors_info=&#8221;{}&#8221;][\/et_pb_divider][\/et_pb_column][et_pb_column type=&#8221;3_5&#8243; _builder_version=&#8221;4.16&#8243; custom_padding=&#8221;|||&#8221; global_colors_info=&#8221;{}&#8221; custom_padding__hover=&#8221;|||&#8221;][et_pb_image src=&#8221;https:\/\/www.residuos.info\/wp-content\/uploads\/2023\/04\/mechanic-59.png&#8221; alt=&#8221;lagencia_02_03-transformed&#8221; title_text=&#8221;reciclaje-ciudad&#8221; align=&#8221;right&#8221; force_fullwidth=&#8221;on&#8221; _builder_version=&#8221;4.20.4&#8243; background_image=&#8221;https:\/\/www.residuos.info\/wp-content\/uploads\/2023\/05\/reciclaje-ciudad.png&#8221; parallax=&#8221;on&#8221; width_tablet=&#8221;70%&#8221; width_phone=&#8221;&#8221; width_last_edited=&#8221;on|tablet&#8221; custom_padding=&#8221;|||&#8221; always_center_on_mobile=&#8221;off&#8221; global_colors_info=&#8221;{}&#8221;][\/et_pb_image][et_pb_image src=&#8221;https:\/\/www.residuos.info\/wp-content\/uploads\/2023\/04\/mechanic-57-1.png&#8221; align=&#8221;right&#8221; _builder_version=&#8221;4.20.4&#8243; width=&#8221;60%&#8221; module_alignment=&#8221;right&#8221; custom_margin=&#8221;-70%||&#8221; custom_padding=&#8221;||0px|||&#8221; always_center_on_mobile=&#8221;off&#8221; global_colors_info=&#8221;{}&#8221;][\/et_pb_image][\/et_pb_column][\/et_pb_row][\/et_pb_section][et_pb_section fb_built=&#8221;1&#8243; admin_label=&#8221;Services&#8221; _builder_version=&#8221;4.20.4&#8243; background_color=&#8221;#eaeaf1&#8243; custom_padding=&#8221;2px||0px|||&#8221; global_colors_info=&#8221;{}&#8221;][et_pb_row _builder_version=&#8221;4.20.4&#8243; _module_preset=&#8221;default&#8221; global_colors_info=&#8221;{}&#8221;][et_pb_column type=&#8221;4_4&#8243; _builder_version=&#8221;4.20.4&#8243; _module_preset=&#8221;default&#8221; global_colors_info=&#8221;{}&#8221;][et_pb_text _builder_version=&#8221;4.20.4&#8243; _module_preset=&#8221;default&#8221; text_font_size=&#8221;16px&#8221; global_colors_info=&#8221;{}&#8221;]<\/p>\n<p style=\"text-align: justify;\">The process of recycling or disposing of<span> <\/span><strong>Urban waste generates a significant environmental impact<\/strong>, but can you calculate what that impact is? From the Polytechnic University of Madrid they have developed a methodology to calculate their carbon footprint at each stage of management.<\/p>\n<p style=\"text-align: justify;\">With the data obtained through this formula, it is possible to evaluate whether the actions implemented so far are the most appropriate or whether a change would be worthwhile. The<span> <\/span><strong>actions established by the regulations<\/strong><span> <\/span>on the treatment of waste management are based on<span> <\/span><strong><span>five levels<\/span><\/strong> ranging from prevention to landfill. Prevention is the option that goes ahead of reuse, recycling and other recovery (for example, energy recovery), to finish this the final deposit that would be the landfill or incineration of waste.<\/p>\n<p style=\"text-align: justify;\">The<span> <\/span><strong><a href=\"https:\/\/europa.eu\/european-union\/index_es\">European Union<\/a><\/strong><span> <\/span>It claims that priority actions are the key to achieving a reduction in environmental impact, social advantages and economic benefits. In the UPM study, management from collection through transport and final treatment has been taken into account. In the last stage, the<span> <\/span><strong>treatment<\/strong>, the direct emissions of gases generated by its essence (composting, incineration, landfill&#8230;) are taken into account as well as the indirect ones, consisting of the electrical energy necessary for treatment and which do not generate waste by themselves.<\/p>\n<p style=\"text-align: justify;\">On a practical level, it has been studied <strong>Madrid<\/strong> <span>case<\/span>, whose result has been that 253Kg CO2 has been generated per ton of waste, where the treatment stage is the one that generates 88.7% of the polluting gases.<\/p>\n<p style=\"text-align: justify;\"><strong><a href=\"https:\/\/www.residuos.info\/que-es-la-economia-circular\/\">The circular economy<\/a><\/strong> <span>applied<\/span> allows the recovery of waste to be transformed into resources, although the principles of the European Union aim to reduce municipal waste if it is generated, efforts must be made to recover everything that can generate or have a second life and opportunity.<\/p>\n<p>[\/et_pb_text][\/et_pb_column][\/et_pb_row][\/et_pb_section][et_pb_section fb_built=&#8221;1&#8243; admin_label=&#8221;Testimonial&#8221; module_id=&#8221;contacto&#8221; _builder_version=&#8221;4.20.4&#8243; background_color=&#8221;#eaeaf0&#8243; custom_padding=&#8221;0px||0||false|false&#8221; saved_tabs=&#8221;all&#8221; global_colors_info=&#8221;{}&#8221; global_module=&#8221;821&#8243; theme_builder_area=&#8221;post_content&#8221;][et_pb_row module_id=&#8221;contacto&#8221; _builder_version=&#8221;4.20.4&#8243; _module_preset=&#8221;default&#8221; custom_padding=&#8221;150px||55px|||&#8221; global_colors_info=&#8221;{}&#8221; theme_builder_area=&#8221;post_content&#8221;][et_pb_column type=&#8221;4_4&#8243; _builder_version=&#8221;4.20.4&#8243; _module_preset=&#8221;default&#8221; global_colors_info=&#8221;{}&#8221; theme_builder_area=&#8221;post_content&#8221;][et_pb_text _builder_version=&#8221;4.20.4&#8243; _module_preset=&#8221;default&#8221; global_colors_info=&#8221;{}&#8221; theme_builder_area=&#8221;post_content&#8221;]<\/p>\n<h2 class=\"et_pb_contact_main_title et-fb-editable-element et-fb-editable-element et-fb-editable-element__editing\" data-shortcode-id=\"1.3.0.0-1685369466760\" data-quickaccess-id=\"title\" contenteditable=\"true\">For more information you can contact us through our form<\/h2>\n<p>[\/et_pb_text][et_pb_code _builder_version=&#8221;4.20.4&#8243; _module_preset=&#8221;default&#8221; custom_css_main_element=&#8221;#desplegable {||  border: 0;||  width: 100%;||  padding: 1%;||  background-color: #F75665;||  color: white;||}||||#desplegable:focus {||  background-color: #F71534;||}||||#name,||#mail,||#telf,||#pobl,||#mensaje {||  border: 0;||  width: 100%;||  padding: 2%;||  background-color: #F75665;||  color: white;||}||||#name:focus,||#mail:focus,||#telf:focus,||#pobl:focus,||#mensaje:focus {||  background-color: #F71534;||}||||::placeholder {||  color: white;||}||||#aceptacion {||  border: 0;||  color: white;||}||||#cond-uso {||  color: #F71534;||}||||#btn {||  color: #FFFFFF !important;||  font-weight: 600 !important;||  font-size: 20px;||  text-transform: uppercase !important;||  background-color: #F71534 !important;||  border: 0;||  padding: 1% 2%;||  float: right;||}||||.wpcf7-form-control.wpcf7-submit:hover {||  cursor: pointer;||}||||.wpcf7-response-output {||  color: #666666;||}||||.form-row {||  display: flex;||  margin-bottom: 10px;||}||||.form-col {||  flex: 1;||  margin-right: 10px;||}||||.form-col:last-child {||  margin-right: 0;||}||&#8221; global_colors_info=&#8221;{}&#8221; theme_builder_area=&#8221;post_content&#8221;]\n<div class=\"wpcf7 no-js\" id=\"wpcf7-f1142-o1\" lang=\"en-US\" dir=\"ltr\" data-wpcf7-id=\"1142\">\n<div class=\"screen-reader-response\"><p role=\"status\" aria-live=\"polite\" aria-atomic=\"true\"><\/p> <ul><\/ul><\/div>\n<form action=\"\/en\/wp-json\/wp\/v2\/posts\/1121#wpcf7-f1142-o1\" method=\"post\" class=\"wpcf7-form init\" aria-label=\"Contact form\" novalidate=\"novalidate\" data-status=\"init\">\n<fieldset class=\"hidden-fields-container\"><input type=\"hidden\" name=\"_wpcf7\" value=\"1142\" \/><input type=\"hidden\" name=\"_wpcf7_version\" value=\"6.1.5\" \/><input type=\"hidden\" name=\"_wpcf7_locale\" value=\"en_US\" \/><input type=\"hidden\" name=\"_wpcf7_unit_tag\" value=\"wpcf7-f1142-o1\" \/><input type=\"hidden\" name=\"_wpcf7_container_post\" value=\"0\" \/><input type=\"hidden\" name=\"_wpcf7_posted_data_hash\" value=\"\" \/><input type=\"hidden\" name=\"_wpcf7_recaptcha_response\" value=\"\" \/>\n<\/fieldset>\n<p class=\"et_pb_contact_field\">\n  <span class=\"wpcf7-form-control-wrap\" data-name=\"menu-986\"><select class=\"wpcf7-form-control wpcf7-select wpcf7-validates-as-required\" id=\"desplegable\" aria-required=\"true\" aria-invalid=\"false\" name=\"menu-986\"><option value=\"\">&#8212;Please choose an option&#8212;<\/option><option value=\"Gesti\u00f3n de residuos\">Gesti\u00f3n de residuos<\/option><option value=\"Piezas de automoci\u00f3n\">Piezas de automoci\u00f3n<\/option><option value=\"Compra venta de metales\">Compra venta de metales<\/option><option value=\"Metales preciosos\">Metales preciosos<\/option><option value=\"Maquinaria y stocks\">Maquinaria y stocks<\/option><\/select><\/span>\n<\/p>\n\n<div class=\"form-row\">\n  <div class=\"form-col\">\n      <p class=\"et_pb_contact_field et_pb_contact_field_half\">\n          <span class=\"wpcf7-form-control-wrap\" data-name=\"text-194\"><input size=\"40\" maxlength=\"400\" class=\"wpcf7-form-control wpcf7-text wpcf7-validates-as-required\" id=\"name\" aria-required=\"true\" aria-invalid=\"false\" placeholder=\"Name\" value=\"\" type=\"text\" name=\"text-194\" \/><\/span>\n      <\/p>\n  <\/div>\n  <div class=\"form-col\">\n      <p class=\"et_pb_contact_field et_pb_contact_field_half et_pb_contact_field_last\">\n          <span class=\"wpcf7-form-control-wrap\" data-name=\"email-802\"><input size=\"40\" maxlength=\"400\" class=\"wpcf7-form-control wpcf7-email wpcf7-validates-as-required wpcf7-text wpcf7-validates-as-email\" id=\"mail\" aria-required=\"true\" aria-invalid=\"false\" placeholder=\"Email\" value=\"\" type=\"email\" name=\"email-802\" \/><\/span>\n      <\/p>\n  <\/div>\n<\/div>\n\n<div class=\"form-row\">\n  <div class=\"form-col\">\n      <p class=\"et_pb_contact_field et_pb_contact_field_half\">\n          <span class=\"wpcf7-form-control-wrap\" data-name=\"tel-44\"><input size=\"40\" maxlength=\"400\" class=\"wpcf7-form-control wpcf7-tel wpcf7-validates-as-required wpcf7-text wpcf7-validates-as-tel\" id=\"telf\" aria-required=\"true\" aria-invalid=\"false\" placeholder=\"Phone\" value=\"\" type=\"tel\" name=\"tel-44\" \/><\/span>\n      <\/p>\n  <\/div>\n  <div class=\"form-col\">\n      <p class=\"et_pb_contact_field et_pb_contact_field_half et_pb_contact_field_last\">\n          <span class=\"wpcf7-form-control-wrap\" data-name=\"text-401\"><input size=\"40\" maxlength=\"400\" class=\"wpcf7-form-control wpcf7-text wpcf7-validates-as-required\" id=\"pobl\" aria-required=\"true\" aria-invalid=\"false\" placeholder=\"City\" value=\"\" type=\"text\" name=\"text-401\" \/><\/span>\n      <\/p>\n  <\/div>\n<\/div>\n<p class=\"et_pb_contact_field et_pb_contact_field_last\">\n    <span class=\"wpcf7-form-control-wrap\" data-name=\"textarea-353\"><textarea cols=\"40\" rows=\"10\" maxlength=\"2000\" class=\"wpcf7-form-control wpcf7-textarea wpcf7-validates-as-required\" id=\"mensaje\" aria-required=\"true\" aria-invalid=\"false\" placeholder=\"Message\" name=\"textarea-353\"><\/textarea><\/span>\n<\/p>\n<p>\n    <span class=\"wpcf7-form-control-wrap\" data-name=\"acceptance-894\"><span class=\"wpcf7-form-control wpcf7-acceptance\"><span class=\"wpcf7-list-item\"><input type=\"checkbox\" name=\"acceptance-894\" value=\"1\" id=\"aceptacion\" aria-invalid=\"false\" \/><\/span><\/span><\/span><a id=\"cond-uso\">I have read and accept the <\/a><a href=\"\/en\/cookie-policy-eu-2\/\" id=\"cond-uso\"><u>Cookies Policy<\/u>.<\/a>\n<\/p>\n\n<p>\n    <span class=\"wpcf7-form-control-wrap\" data-name=\"acceptance-894\"><span class=\"wpcf7-form-control wpcf7-acceptance\"><span class=\"wpcf7-list-item\"><input type=\"checkbox\" name=\"acceptance-894\" value=\"1\" aria-invalid=\"false\" \/><\/span><\/span><\/span><a id=\"cond-uso\">And by checking this box, I accept the treatment of my data for the purposes described in the <\/a><a href=\"\/en\/cookie-policy-eu-2\/\" id=\"cond-uso\"><u>Privacy Policy<\/u>.<\/a>\n<\/p>\n\n\n<input class=\"wpcf7-form-control wpcf7-submit has-spinner\" id=\"btn\" type=\"submit\" value=\"ENVIAR\" \/><div class=\"wpcf7-response-output\" aria-hidden=\"true\"><\/div>\n<\/form>\n<\/div>\n[\/et_pb_code][\/et_pb_column][\/et_pb_row][et_pb_row column_structure=&#8221;1_3,1_3,1_3&#8243; _builder_version=&#8221;4.20.4&#8243; _module_preset=&#8221;default&#8221; global_colors_info=&#8221;{}&#8221; theme_builder_area=&#8221;post_content&#8221;][et_pb_column type=&#8221;1_3&#8243; _builder_version=&#8221;4.20.4&#8243; _module_preset=&#8221;default&#8221; global_colors_info=&#8221;{}&#8221; theme_builder_area=&#8221;post_content&#8221;][et_pb_icon font_icon=&#8221;&#xf015;||fa||900&#8243; icon_color=&#8221;#f61533&#8243; icon_width=&#8221;60px&#8221; _builder_version=&#8221;4.20.4&#8243; _module_preset=&#8221;default&#8221; global_colors_info=&#8221;{}&#8221; theme_builder_area=&#8221;post_content&#8221;][\/et_pb_icon][et_pb_text _builder_version=&#8221;4.20.4&#8243; _module_preset=&#8221;default&#8221; global_colors_info=&#8221;{}&#8221; theme_builder_area=&#8221;post_content&#8221;]<\/p>\n<h2 style=\"text-align: center;\"><strong>YOU WILL FIND US AT<\/strong><\/h2>\n<div class=\"d-flex h-col no-gutters align-items-lg-center align-items-md-center align-items-center list-item-text-wrapper\" style=\"text-align: center;\"><a href=\"https:\/\/goo.gl\/maps\/GbWSZhf8vAnoirR49\"><span class=\"list-text d-block\"><span>Pol. Ind. Coll de la Manya, Cal Ros dels Ocells, 15-17, 08403 Granollers, Barcelona, Espa\u00f1a.<\/span><\/span><\/a><\/div>\n<p>[\/et_pb_text][\/et_pb_column][et_pb_column type=&#8221;1_3&#8243; _builder_version=&#8221;4.20.4&#8243; _module_preset=&#8221;default&#8221; global_colors_info=&#8221;{}&#8221; theme_builder_area=&#8221;post_content&#8221;][et_pb_icon font_icon=&#8221;&#xe06b;||divi||400&#8243; icon_color=&#8221;#f61533&#8243; icon_width=&#8221;60px&#8221; _builder_version=&#8221;4.20.4&#8243; _module_preset=&#8221;default&#8221; global_colors_info=&#8221;{}&#8221; theme_builder_area=&#8221;post_content&#8221;][\/et_pb_icon][et_pb_text _builder_version=&#8221;4.20.4&#8243; _module_preset=&#8221;default&#8221; global_colors_info=&#8221;{}&#8221; theme_builder_area=&#8221;post_content&#8221;]<\/p>\n<h2 style=\"text-align: center;\"><strong><span class=\"list-text d-block\">SCHEDULES<\/span><\/strong><\/h2>\n<div class=\"d-flex h-col no-gutters align-items-lg-center align-items-md-center align-items-center list-item-text-wrapper\" style=\"text-align: center;\">Monday to Thursday from 8:00 a.m. to 2:00 p.m. and from 3:00 p.m. to 5:00 p.m.<\/div>\n<div class=\"d-flex h-col no-gutters align-items-lg-center align-items-md-center align-items-center list-item-text-wrapper\" style=\"text-align: center;\">Friday from 7:00 a.m. to 1:00 p.m.<\/div>\n<div class=\"d-flex h-col no-gutters align-items-lg-center align-items-md-center align-items-center list-item-text-wrapper\" style=\"text-align: center;\">Saturday and Sunday closed<\/div>\n<p>[\/et_pb_text][\/et_pb_column][et_pb_column type=&#8221;1_3&#8243; _builder_version=&#8221;4.20.4&#8243; _module_preset=&#8221;default&#8221; global_colors_info=&#8221;{}&#8221; theme_builder_area=&#8221;post_content&#8221;][et_pb_icon font_icon=&#8221;&#xe090;||divi||400&#8243; icon_color=&#8221;#f61533&#8243; icon_width=&#8221;60px&#8221; _builder_version=&#8221;4.20.4&#8243; _module_preset=&#8221;default&#8221; global_colors_info=&#8221;{}&#8221; theme_builder_area=&#8221;post_content&#8221;][\/et_pb_icon][et_pb_text _builder_version=&#8221;4.20.4&#8243; _module_preset=&#8221;default&#8221; global_colors_info=&#8221;{}&#8221; theme_builder_area=&#8221;post_content&#8221;]<\/p>\n<h2 style=\"text-align: center;\"><strong>CONTACT US<\/strong><\/h2>\n<p style=\"text-align: center;\">(+34) 902 36 71 03<\/p>\n<p style=\"text-align: center;\"><a href=\"mailto:info@residuos.info\">info@residuos.info<\/a><\/p>\n<p>[\/et_pb_text][\/et_pb_column][\/et_pb_row][et_pb_row _builder_version=&#8221;4.20.4&#8243; _module_preset=&#8221;default&#8221; global_colors_info=&#8221;{}&#8221; theme_builder_area=&#8221;post_content&#8221;][et_pb_column type=&#8221;4_4&#8243; _builder_version=&#8221;4.20.4&#8243; _module_preset=&#8221;default&#8221; global_colors_info=&#8221;{}&#8221; theme_builder_area=&#8221;post_content&#8221;][et_pb_code _builder_version=&#8221;4.20.4&#8243; _module_preset=&#8221;default&#8221; global_colors_info=&#8221;{}&#8221; theme_builder_area=&#8221;post_content&#8221;]<iframe src=\"https:\/\/www.google.com\/maps\/embed?pb=!1m14!1m8!1m3!1d11935.79108941343!2d2.2671362!3d41.5920126!3m2!1i1024!2i768!4f13.1!3m3!1m2!1s0x12a4c63b6cb7a2dd%3A0x70d0aa4512f27bb9!2sA.3%20Aprofitament%20Assessorament%20Ambiental%20S.%20L.!5e0!3m2!1ses!2ses!4v1685442201820!5m2!1ses!2ses\" width=\"1600\" height=\"300\" style=\"border:0;\" allowfullscreen=\"\" loading=\"lazy\" referrerpolicy=\"no-referrer-when-downgrade\"><\/iframe>[\/et_pb_code][\/et_pb_column][\/et_pb_row][\/et_pb_section]<\/p>\n","protected":false},"excerpt":{"rendered":"<p>The process of recycling or disposal of urban waste generates a significant environmental impact, but can you calculate what that impact is?<\/p>\n","protected":false},"author":7,"featured_media":1001,"comment_status":"closed","ping_status":"closed","sticky":false,"template":"","format":"standard","meta":{"_et_pb_use_builder":"on","_et_pb_old_content":"","_et_gb_content_width":"","inline_featured_image":false,"footnotes":""},"categories":[20],"tags":[],"class_list":["post-1121","post","type-post","status-publish","format-standard","has-post-thumbnail","hentry","category-news"],"yoast_head":"<!-- This site is optimized with the Yoast SEO plugin v27.3 - https:\/\/yoast.com\/product\/yoast-seo-wordpress\/ -->\n<title>How much does recycling pollute? - A.3 RECICLAJE, GESTI\u00d3N DE RESIDUOS Y METALES<\/title>\n<meta name=\"description\" content=\"The recycling process of urban waste generates a significant environmental impact, but can you calculate what that impact is?\" \/>\n<meta name=\"robots\" content=\"index, follow, max-snippet:-1, max-image-preview:large, max-video-preview:-1\" \/>\n<link rel=\"canonical\" href=\"https:\/\/www.residuos.info\/en\/2023\/07\/19\/how-much-does-recycling-pollute\/\" \/>\n<meta property=\"og:locale\" content=\"en_US\" \/>\n<meta property=\"og:type\" content=\"article\" \/>\n<meta property=\"og:title\" content=\"How much does recycling pollute? - A.3 RECICLAJE, GESTI\u00d3N DE RESIDUOS Y METALES\" \/>\n<meta property=\"og:description\" content=\"The recycling process of urban waste generates a significant environmental impact, but can you calculate what that impact is?\" \/>\n<meta property=\"og:url\" content=\"https:\/\/www.residuos.info\/en\/2023\/07\/19\/how-much-does-recycling-pollute\/\" \/>\n<meta property=\"og:site_name\" content=\"A.3 RECICLAJE, GESTI\u00d3N DE RESIDUOS Y METALES\" \/>\n<meta property=\"article:published_time\" content=\"2023-07-19T14:39:47+00:00\" \/>\n<meta property=\"article:modified_time\" content=\"2023-10-25T10:35:18+00:00\" \/>\n<meta property=\"og:image\" content=\"https:\/\/www.residuos.info\/wp-content\/uploads\/2023\/05\/plano-recycle.jpg\" \/>\n\t<meta property=\"og:image:width\" content=\"528\" \/>\n\t<meta property=\"og:image:height\" content=\"354\" \/>\n\t<meta property=\"og:image:type\" content=\"image\/jpeg\" \/>\n<meta name=\"author\" content=\"Dario\" \/>\n<meta name=\"twitter:card\" content=\"summary_large_image\" \/>\n<meta name=\"twitter:label1\" content=\"Written by\" \/>\n\t<meta name=\"twitter:data1\" content=\"Dario\" \/>\n\t<meta name=\"twitter:label2\" content=\"Est. reading time\" \/>\n\t<meta name=\"twitter:data2\" content=\"7 minutes\" \/>\n<script type=\"application\/ld+json\" class=\"yoast-schema-graph\">{\"@context\":\"https:\\\/\\\/schema.org\",\"@graph\":[{\"@type\":\"Article\",\"@id\":\"https:\\\/\\\/www.residuos.info\\\/en\\\/2023\\\/07\\\/19\\\/how-much-does-recycling-pollute\\\/#article\",\"isPartOf\":{\"@id\":\"https:\\\/\\\/www.residuos.info\\\/en\\\/2023\\\/07\\\/19\\\/how-much-does-recycling-pollute\\\/\"},\"author\":{\"name\":\"Dario\",\"@id\":\"https:\\\/\\\/www.residuos.info\\\/en\\\/#\\\/schema\\\/person\\\/1c565a4e1887f827334e830a910fb66d\"},\"headline\":\"How much does recycling pollute?\",\"datePublished\":\"2023-07-19T14:39:47+00:00\",\"dateModified\":\"2023-10-25T10:35:18+00:00\",\"mainEntityOfPage\":{\"@id\":\"https:\\\/\\\/www.residuos.info\\\/en\\\/2023\\\/07\\\/19\\\/how-much-does-recycling-pollute\\\/\"},\"wordCount\":1326,\"image\":{\"@id\":\"https:\\\/\\\/www.residuos.info\\\/en\\\/2023\\\/07\\\/19\\\/how-much-does-recycling-pollute\\\/#primaryimage\"},\"thumbnailUrl\":\"https:\\\/\\\/www.residuos.info\\\/wp-content\\\/uploads\\\/2023\\\/05\\\/plano-recycle.jpg\",\"articleSection\":[\"News\"],\"inLanguage\":\"en-US\"},{\"@type\":\"WebPage\",\"@id\":\"https:\\\/\\\/www.residuos.info\\\/en\\\/2023\\\/07\\\/19\\\/how-much-does-recycling-pollute\\\/\",\"url\":\"https:\\\/\\\/www.residuos.info\\\/en\\\/2023\\\/07\\\/19\\\/how-much-does-recycling-pollute\\\/\",\"name\":\"How much does recycling pollute? - A.3 RECICLAJE, GESTI\u00d3N DE RESIDUOS Y METALES\",\"isPartOf\":{\"@id\":\"https:\\\/\\\/www.residuos.info\\\/en\\\/#website\"},\"primaryImageOfPage\":{\"@id\":\"https:\\\/\\\/www.residuos.info\\\/en\\\/2023\\\/07\\\/19\\\/how-much-does-recycling-pollute\\\/#primaryimage\"},\"image\":{\"@id\":\"https:\\\/\\\/www.residuos.info\\\/en\\\/2023\\\/07\\\/19\\\/how-much-does-recycling-pollute\\\/#primaryimage\"},\"thumbnailUrl\":\"https:\\\/\\\/www.residuos.info\\\/wp-content\\\/uploads\\\/2023\\\/05\\\/plano-recycle.jpg\",\"datePublished\":\"2023-07-19T14:39:47+00:00\",\"dateModified\":\"2023-10-25T10:35:18+00:00\",\"author\":{\"@id\":\"https:\\\/\\\/www.residuos.info\\\/en\\\/#\\\/schema\\\/person\\\/1c565a4e1887f827334e830a910fb66d\"},\"description\":\"The recycling process of urban waste generates a significant environmental impact, but can you calculate what that impact is?\",\"breadcrumb\":{\"@id\":\"https:\\\/\\\/www.residuos.info\\\/en\\\/2023\\\/07\\\/19\\\/how-much-does-recycling-pollute\\\/#breadcrumb\"},\"inLanguage\":\"en-US\",\"potentialAction\":[{\"@type\":\"ReadAction\",\"target\":[\"https:\\\/\\\/www.residuos.info\\\/en\\\/2023\\\/07\\\/19\\\/how-much-does-recycling-pollute\\\/\"]}]},{\"@type\":\"ImageObject\",\"inLanguage\":\"en-US\",\"@id\":\"https:\\\/\\\/www.residuos.info\\\/en\\\/2023\\\/07\\\/19\\\/how-much-does-recycling-pollute\\\/#primaryimage\",\"url\":\"https:\\\/\\\/www.residuos.info\\\/wp-content\\\/uploads\\\/2023\\\/05\\\/plano-recycle.jpg\",\"contentUrl\":\"https:\\\/\\\/www.residuos.info\\\/wp-content\\\/uploads\\\/2023\\\/05\\\/plano-recycle.jpg\",\"width\":528,\"height\":354},{\"@type\":\"BreadcrumbList\",\"@id\":\"https:\\\/\\\/www.residuos.info\\\/en\\\/2023\\\/07\\\/19\\\/how-much-does-recycling-pollute\\\/#breadcrumb\",\"itemListElement\":[{\"@type\":\"ListItem\",\"position\":1,\"name\":\"Portada\",\"item\":\"https:\\\/\\\/www.residuos.info\\\/en\\\/home\\\/\"},{\"@type\":\"ListItem\",\"position\":2,\"name\":\"How much does recycling pollute?\"}]},{\"@type\":\"WebSite\",\"@id\":\"https:\\\/\\\/www.residuos.info\\\/en\\\/#website\",\"url\":\"https:\\\/\\\/www.residuos.info\\\/en\\\/\",\"name\":\"A.3 RECICLAJE, GESTI\u00d3N DE RESIDUOS Y METALES\",\"description\":\"Expertos en reciclaje, valorizaci\u00f3n y gesti\u00f3n de residuos y compra de metales. Soluciones para el ASESORAMIENTO, TRANSPORTE y GESTI\u00d3N de residuos.\",\"potentialAction\":[{\"@type\":\"SearchAction\",\"target\":{\"@type\":\"EntryPoint\",\"urlTemplate\":\"https:\\\/\\\/www.residuos.info\\\/en\\\/?s={search_term_string}\"},\"query-input\":{\"@type\":\"PropertyValueSpecification\",\"valueRequired\":true,\"valueName\":\"search_term_string\"}}],\"inLanguage\":\"en-US\"},{\"@type\":\"Person\",\"@id\":\"https:\\\/\\\/www.residuos.info\\\/en\\\/#\\\/schema\\\/person\\\/1c565a4e1887f827334e830a910fb66d\",\"name\":\"Dario\",\"image\":{\"@type\":\"ImageObject\",\"inLanguage\":\"en-US\",\"@id\":\"https:\\\/\\\/secure.gravatar.com\\\/avatar\\\/e64f7001da2e38be767d4824b950c174b75df143a1cdc1640b922a997d9a89d3?s=96&d=mm&r=g\",\"url\":\"https:\\\/\\\/secure.gravatar.com\\\/avatar\\\/e64f7001da2e38be767d4824b950c174b75df143a1cdc1640b922a997d9a89d3?s=96&d=mm&r=g\",\"contentUrl\":\"https:\\\/\\\/secure.gravatar.com\\\/avatar\\\/e64f7001da2e38be767d4824b950c174b75df143a1cdc1640b922a997d9a89d3?s=96&d=mm&r=g\",\"caption\":\"Dario\"},\"url\":\"https:\\\/\\\/www.residuos.info\\\/en\\\/author\\\/araich\\\/\"}]}<\/script>\n<!-- \/ Yoast SEO plugin. -->","yoast_head_json":{"title":"How much does recycling pollute? - A.3 RECICLAJE, GESTI\u00d3N DE RESIDUOS Y METALES","description":"The recycling process of urban waste generates a significant environmental impact, but can you calculate what that impact is?","robots":{"index":"index","follow":"follow","max-snippet":"max-snippet:-1","max-image-preview":"max-image-preview:large","max-video-preview":"max-video-preview:-1"},"canonical":"https:\/\/www.residuos.info\/en\/2023\/07\/19\/how-much-does-recycling-pollute\/","og_locale":"en_US","og_type":"article","og_title":"How much does recycling pollute? - A.3 RECICLAJE, GESTI\u00d3N DE RESIDUOS Y METALES","og_description":"The recycling process of urban waste generates a significant environmental impact, but can you calculate what that impact is?","og_url":"https:\/\/www.residuos.info\/en\/2023\/07\/19\/how-much-does-recycling-pollute\/","og_site_name":"A.3 RECICLAJE, GESTI\u00d3N DE RESIDUOS Y METALES","article_published_time":"2023-07-19T14:39:47+00:00","article_modified_time":"2023-10-25T10:35:18+00:00","og_image":[{"width":528,"height":354,"url":"https:\/\/www.residuos.info\/wp-content\/uploads\/2023\/05\/plano-recycle.jpg","type":"image\/jpeg"}],"author":"Dario","twitter_card":"summary_large_image","twitter_misc":{"Written by":"Dario","Est. reading time":"7 minutes"},"schema":{"@context":"https:\/\/schema.org","@graph":[{"@type":"Article","@id":"https:\/\/www.residuos.info\/en\/2023\/07\/19\/how-much-does-recycling-pollute\/#article","isPartOf":{"@id":"https:\/\/www.residuos.info\/en\/2023\/07\/19\/how-much-does-recycling-pollute\/"},"author":{"name":"Dario","@id":"https:\/\/www.residuos.info\/en\/#\/schema\/person\/1c565a4e1887f827334e830a910fb66d"},"headline":"How much does recycling pollute?","datePublished":"2023-07-19T14:39:47+00:00","dateModified":"2023-10-25T10:35:18+00:00","mainEntityOfPage":{"@id":"https:\/\/www.residuos.info\/en\/2023\/07\/19\/how-much-does-recycling-pollute\/"},"wordCount":1326,"image":{"@id":"https:\/\/www.residuos.info\/en\/2023\/07\/19\/how-much-does-recycling-pollute\/#primaryimage"},"thumbnailUrl":"https:\/\/www.residuos.info\/wp-content\/uploads\/2023\/05\/plano-recycle.jpg","articleSection":["News"],"inLanguage":"en-US"},{"@type":"WebPage","@id":"https:\/\/www.residuos.info\/en\/2023\/07\/19\/how-much-does-recycling-pollute\/","url":"https:\/\/www.residuos.info\/en\/2023\/07\/19\/how-much-does-recycling-pollute\/","name":"How much does recycling pollute? - A.3 RECICLAJE, GESTI\u00d3N DE RESIDUOS Y METALES","isPartOf":{"@id":"https:\/\/www.residuos.info\/en\/#website"},"primaryImageOfPage":{"@id":"https:\/\/www.residuos.info\/en\/2023\/07\/19\/how-much-does-recycling-pollute\/#primaryimage"},"image":{"@id":"https:\/\/www.residuos.info\/en\/2023\/07\/19\/how-much-does-recycling-pollute\/#primaryimage"},"thumbnailUrl":"https:\/\/www.residuos.info\/wp-content\/uploads\/2023\/05\/plano-recycle.jpg","datePublished":"2023-07-19T14:39:47+00:00","dateModified":"2023-10-25T10:35:18+00:00","author":{"@id":"https:\/\/www.residuos.info\/en\/#\/schema\/person\/1c565a4e1887f827334e830a910fb66d"},"description":"The recycling process of urban waste generates a significant environmental impact, but can you calculate what that impact is?","breadcrumb":{"@id":"https:\/\/www.residuos.info\/en\/2023\/07\/19\/how-much-does-recycling-pollute\/#breadcrumb"},"inLanguage":"en-US","potentialAction":[{"@type":"ReadAction","target":["https:\/\/www.residuos.info\/en\/2023\/07\/19\/how-much-does-recycling-pollute\/"]}]},{"@type":"ImageObject","inLanguage":"en-US","@id":"https:\/\/www.residuos.info\/en\/2023\/07\/19\/how-much-does-recycling-pollute\/#primaryimage","url":"https:\/\/www.residuos.info\/wp-content\/uploads\/2023\/05\/plano-recycle.jpg","contentUrl":"https:\/\/www.residuos.info\/wp-content\/uploads\/2023\/05\/plano-recycle.jpg","width":528,"height":354},{"@type":"BreadcrumbList","@id":"https:\/\/www.residuos.info\/en\/2023\/07\/19\/how-much-does-recycling-pollute\/#breadcrumb","itemListElement":[{"@type":"ListItem","position":1,"name":"Portada","item":"https:\/\/www.residuos.info\/en\/home\/"},{"@type":"ListItem","position":2,"name":"How much does recycling pollute?"}]},{"@type":"WebSite","@id":"https:\/\/www.residuos.info\/en\/#website","url":"https:\/\/www.residuos.info\/en\/","name":"A.3 RECICLAJE, GESTI\u00d3N DE RESIDUOS Y METALES","description":"Expertos en reciclaje, valorizaci\u00f3n y gesti\u00f3n de residuos y compra de metales. Soluciones para el ASESORAMIENTO, TRANSPORTE y GESTI\u00d3N de residuos.","potentialAction":[{"@type":"SearchAction","target":{"@type":"EntryPoint","urlTemplate":"https:\/\/www.residuos.info\/en\/?s={search_term_string}"},"query-input":{"@type":"PropertyValueSpecification","valueRequired":true,"valueName":"search_term_string"}}],"inLanguage":"en-US"},{"@type":"Person","@id":"https:\/\/www.residuos.info\/en\/#\/schema\/person\/1c565a4e1887f827334e830a910fb66d","name":"Dario","image":{"@type":"ImageObject","inLanguage":"en-US","@id":"https:\/\/secure.gravatar.com\/avatar\/e64f7001da2e38be767d4824b950c174b75df143a1cdc1640b922a997d9a89d3?s=96&d=mm&r=g","url":"https:\/\/secure.gravatar.com\/avatar\/e64f7001da2e38be767d4824b950c174b75df143a1cdc1640b922a997d9a89d3?s=96&d=mm&r=g","contentUrl":"https:\/\/secure.gravatar.com\/avatar\/e64f7001da2e38be767d4824b950c174b75df143a1cdc1640b922a997d9a89d3?s=96&d=mm&r=g","caption":"Dario"},"url":"https:\/\/www.residuos.info\/en\/author\/araich\/"}]}},"_links":{"self":[{"href":"https:\/\/www.residuos.info\/en\/wp-json\/wp\/v2\/posts\/1121","targetHints":{"allow":["GET"]}}],"collection":[{"href":"https:\/\/www.residuos.info\/en\/wp-json\/wp\/v2\/posts"}],"about":[{"href":"https:\/\/www.residuos.info\/en\/wp-json\/wp\/v2\/types\/post"}],"author":[{"embeddable":true,"href":"https:\/\/www.residuos.info\/en\/wp-json\/wp\/v2\/users\/7"}],"replies":[{"embeddable":true,"href":"https:\/\/www.residuos.info\/en\/wp-json\/wp\/v2\/comments?post=1121"}],"version-history":[{"count":8,"href":"https:\/\/www.residuos.info\/en\/wp-json\/wp\/v2\/posts\/1121\/revisions"}],"predecessor-version":[{"id":1313,"href":"https:\/\/www.residuos.info\/en\/wp-json\/wp\/v2\/posts\/1121\/revisions\/1313"}],"wp:featuredmedia":[{"embeddable":true,"href":"https:\/\/www.residuos.info\/en\/wp-json\/wp\/v2\/media\/1001"}],"wp:attachment":[{"href":"https:\/\/www.residuos.info\/en\/wp-json\/wp\/v2\/media?parent=1121"}],"wp:term":[{"taxonomy":"category","embeddable":true,"href":"https:\/\/www.residuos.info\/en\/wp-json\/wp\/v2\/categories?post=1121"},{"taxonomy":"post_tag","embeddable":true,"href":"https:\/\/www.residuos.info\/en\/wp-json\/wp\/v2\/tags?post=1121"}],"curies":[{"name":"wp","href":"https:\/\/api.w.org\/{rel}","templated":true}]}}